{"id":1201,"date":"2016-07-13T12:47:18","date_gmt":"2016-07-13T10:47:18","guid":{"rendered":"http:\/\/www.uzpriroda.com\/?p=1201"},"modified":"2016-07-17T22:44:48","modified_gmt":"2016-07-17T20:44:48","slug":"gradimo-mir","status":"publish","type":"post","link":"https:\/\/www.uzpriroda.com\/?p=1201","title":{"rendered":"&#8220;Gradimo mir&#8221;"},"content":{"rendered":"<p style=\"text-align: justify;\">U Novom Gora\u017edu (08.07.2016.) i u Kladnju (12.07.2016.) \u00a0odr\u017eali su se okrugi stolovi pod nazivom \u201eGradimo mir\u201c na koji su pozivani predstavnici op\u0161tinske radne grupe projekta PRO-Budu\u0107nost, te predstavnice NVO-a, bora\u010dkih organizacija i \u017ertava rata.<\/p>\n<p style=\"text-align: justify;\">Cilj okruglog stola\u00a0 je da se kroz diskusiju do\u0111e do konstruktivnih zaklju\u010daka koji doprinose miru i pomirenju te postigne koncenzus o potrebi promocije mira i tolerantnog dijaloga.<\/p>\n<p style=\"text-align: justify;\">Okrugli sto se odr\u017eava u \u00a0okviru projekta \u201cOaza mira\u201c koji provodi U\u017d Priroda Bratunac,\u00a0 koji se finansira u okviru PRO-Budu\u0107nosti (Povjerenje, Razumijevanje, Odgovornost za Budu\u0107nost) Ameri\u010dke agencije za me\u0111unarodni razvoj (USAID) koji implementira Catholic Relief Services u saradnji sa Fondacijom Mozaik, Caritasom BiH, Forumom gra\u0111ana Tuzle, Helsin\u0161kim parlamentom gra\u0111ana Banja Luka i Me\u0111ureligijskim vije\u0107em u Bosni i Hercegovni.<\/p>\n<p style=\"text-align: justify;\">Ovo su prve aktivnosti ovog projekta koji imaju za cilj da se obezbjedi\u00a0 siguran prostor za tolerantan dijalog i grupnu diskusiju\u00a0 kako bi se konstruktivnim\u00a0 zaklju\u010dcima\u00a0 doprinjelo miru i pomirenju, te\u00a0 postigao\u00a0 koncenzus o potrebi promocije mira.<\/p>\n<p style=\"text-align: justify;\">Za op\u0161tinu Vlasenica zakazan je okrugli sto &#8220;Gradimo mir&#8221; 21.07.2016. godine u skup\u0161tinskoj sali op\u0161tine Vlasenica, a za Srebrenicu je zakazan 22.07.2016. godine u prostoru NVO &#8220;Sara&#8221; u Srebrenici.<\/p>\n<p style=\"text-align: justify;\">Projekat se provodi u 6 PRO Budu\u0107nost op\u0161tina: Gora\u017ede, Novo Gora\u017ede, Bratunac, Srebrenica, Vlasenica i Kladanj te pored ove vrste okupljanja u svakoj zajednici, planirane su i zajedni\u010dke gra\u0111anske inicijative na izgradnji\u00a0 mini parka \u2013 oaza mira.<\/p>\n<p style=\"text-align: justify;\"><a class=\"shutter-set\" href=\"http:\/\/www.uzpriroda.com\/wp-content\/uploads\/2016\/07\/SAM_3103.jpg\"><img loading=\"lazy\" decoding=\"async\" class=\"alignleft size-large wp-image-1199\" alt=\"SAM_3103\" src=\"http:\/\/www.uzpriroda.com\/wp-content\/uploads\/2016\/07\/SAM_3103-1024x768.jpg\" width=\"620\" height=\"465\" srcset=\"https:\/\/www.uzpriroda.com\/wp-content\/uploads\/2016\/07\/SAM_3103-1024x768.jpg 1024w, https:\/\/www.uzpriroda.com\/wp-content\/uploads\/2016\/07\/SAM_3103-300x225.jpg 300w\" sizes=\"auto, (max-width: 620px) 100vw, 620px\" \/><\/a><\/p>\n<p style=\"text-align: justify;\"><a class=\"shutter-set\" href=\"http:\/\/www.uzpriroda.com\/wp-content\/uploads\/2016\/07\/SAM_3161.jpg\"><img loading=\"lazy\" decoding=\"async\" class=\"alignleft size-large wp-image-1200\" alt=\"SAM_3161\" src=\"http:\/\/www.uzpriroda.com\/wp-content\/uploads\/2016\/07\/SAM_3161-1024x768.jpg\" width=\"620\" height=\"465\" srcset=\"https:\/\/www.uzpriroda.com\/wp-content\/uploads\/2016\/07\/SAM_3161-1024x768.jpg 1024w, https:\/\/www.uzpriroda.com\/wp-content\/uploads\/2016\/07\/SAM_3161-300x225.jpg 300w\" sizes=\"auto, (max-width: 620px) 100vw, 620px\" \/><\/a><\/p>\n","protected":false},"excerpt":{"rendered":"<p>U Novom Gora\u017edu (08.07.2016.) i u Kladnju (12.07.2016.) \u00a0odr\u017eali su se okrugi stolovi pod nazivom \u201eGradimo mir\u201c na koji su pozivani predstavnici op\u0161tinske radne grupe projekta PRO-Budu\u0107nost, te predstavnice NVO-a, bora\u010dkih organizacija i \u017ertava rata. Cilj okruglog stola\u00a0 je da se kroz diskusiju do\u0111e do konstruktivnih zaklju\u010daka koji doprinose miru i pomirenju te postigne koncenzus [&hellip;]<\/p>\n","protected":false},"author":4,"featured_media":0,"comment_status":"closed","ping_status":"closed","sticky":false,"template":"","format":"standard","meta":{"ngg_post_thumbnail":0,"footnotes":""},"categories":[1],"tags":[],"class_list":["post-1201","post","type-post","status-publish","format-standard","hentry","category-nekategorisano"],"_links":{"self":[{"href":"https:\/\/www.uzpriroda.com\/index.php?rest_route=\/wp\/v2\/posts\/1201","targetHints":{"allow":["GET"]}}],"collection":[{"href":"https:\/\/www.uzpriroda.com\/index.php?rest_route=\/wp\/v2\/posts"}],"about":[{"href":"https:\/\/www.uzpriroda.com\/index.php?rest_route=\/wp\/v2\/types\/post"}],"author":[{"embeddable":true,"href":"https:\/\/www.uzpriroda.com\/index.php?rest_route=\/wp\/v2\/users\/4"}],"replies":[{"embeddable":true,"href":"https:\/\/www.uzpriroda.com\/index.php?rest_route=%2Fwp%2Fv2%2Fcomments&post=1201"}],"version-history":[{"count":0,"href":"https:\/\/www.uzpriroda.com\/index.php?rest_route=\/wp\/v2\/posts\/1201\/revisions"}],"wp:attachment":[{"href":"https:\/\/www.uzpriroda.com\/index.php?rest_route=%2Fwp%2Fv2%2Fmedia&parent=1201"}],"wp:term":[{"taxonomy":"category","embeddable":true,"href":"https:\/\/www.uzpriroda.com\/index.php?rest_route=%2Fwp%2Fv2%2Fcategories&post=1201"},{"taxonomy":"post_tag","embeddable":true,"href":"https:\/\/www.uzpriroda.com\/index.php?rest_route=%2Fwp%2Fv2%2Ftags&post=1201"}],"curies":[{"name":"wp","href":"https:\/\/api.w.org\/{rel}","templated":true}]}}