{"id":612,"date":"2013-09-13T12:13:16","date_gmt":"2013-09-13T10:13:16","guid":{"rendered":"http:\/\/www.uzpriroda.com\/?p=612"},"modified":"2014-01-01T20:20:44","modified_gmt":"2014-01-01T19:20:44","slug":"uspjesno-zavrsen-mini-projekat-u-mz-sase","status":"publish","type":"post","link":"https:\/\/www.uzpriroda.com\/?p=612","title":{"rendered":"\u201cUspje\u0161no zavr\u0161en mini projekat u MZ Sase\u201d"},"content":{"rendered":"<p style=\"text-align: justify;\">U sklopu projekta \u201cPomirenje i razvoj zajednica-demokratski razvoj u 4 op\u0161tine Bira\u010d Regije 2011-2013\u201d,\u00a0 uprili\u010dena je sve\u010danost povodom uspje\u0161no zavr\u0161enih aktivnosti mini projekta \u201eJavna rasvjeta u naselju Ko\u0161tanovci\u201c u MZ Sase.<\/p>\n<p style=\"text-align: justify;\">U naselju Ko\u0161tanovci stavljena je u funkciju javna rasvjeta u du\u017eini 1.200 m \u010dime je u potpunosti zavr\u0161ena pokrivenost javnom rasvjetom u ovoj MZ.<\/p>\n<p style=\"text-align: justify;\">Vrijednost ovog mini projekta je 13700,00 KM. Pored obezbje\u0111enih sredstava od\u00a0 \u0160vicarskog CARITAS-a u iznosu od 5.000,00 KM, projekat je sufinansiran od strane op\u0161tine Srebrenica sa 3.300,00 KM, \u00a0od Rudnika Sase (GROSS doo RJ Srebrenica) sa \u00a05.000,00 KM i doprinos gra\u0111ana u visini 400,00 KM.<\/p>\n<p style=\"text-align: justify;\">\u00a0Projekat \u201cPomirenje i razvoj zajednica-demokratski razvoj u 4 op\u0161tine Bira\u010d Regije 2011-2013\u201d implementira Caritas \u0160vajcarske u partnerstvu sa Udru\u017eenjem\u00a0 \u017eena &#8220;Priroda&#8221; Bratunac i Centrima civilnih inicijativa, a uz finansijsku podr\u0161ku Vlade \u0160vajcarske\u00a0 i Vlade Lihten\u0161tajna.<\/p>\n<p style=\"text-align: justify;\">Projekat za generalni cilj ima promovisanje dijaloga i tolerancije kroz aktivnosti razvoja zajednica i u\u010de\u0161\u0107a gra\u0111ana u procesima odlu\u010divanja Bira\u010d regije u op\u0161tinama Bratunac, Srebrenica, Mili\u0107i i Vlasenica.<\/p>\n<p style=\"text-align: center;\">ngg_shortcode_0_placeholder<\/p>\n","protected":false},"excerpt":{"rendered":"<p>U sklopu projekta \u201cPomirenje i razvoj zajednica-demokratski razvoj u 4 op\u0161tine Bira\u010d Regije 2011-2013\u201d,\u00a0 uprili\u010dena je sve\u010danost povodom uspje\u0161no zavr\u0161enih aktivnosti mini projekta \u201eJavna rasvjeta u naselju Ko\u0161tanovci\u201c u MZ Sase. U naselju Ko\u0161tanovci stavljena je u funkciju javna rasvjeta u du\u017eini 1.200 m \u010dime je u potpunosti zavr\u0161ena pokrivenost javnom rasvjetom u ovoj MZ. [&hellip;]<\/p>\n","protected":false},"author":4,"featured_media":0,"comment_status":"closed","ping_status":"closed","sticky":false,"template":"","format":"standard","meta":{"ngg_post_thumbnail":0,"footnotes":""},"categories":[1],"tags":[5,21,20,11,16],"class_list":["post-612","post","type-post","status-publish","format-standard","hentry","category-nekategorisano","tag-bratunac","tag-gross-doo-rj-srebrenica","tag-kostanovci","tag-sase","tag-udruzenje-zena"],"_links":{"self":[{"href":"https:\/\/www.uzpriroda.com\/index.php?rest_route=\/wp\/v2\/posts\/612","targetHints":{"allow":["GET"]}}],"collection":[{"href":"https:\/\/www.uzpriroda.com\/index.php?rest_route=\/wp\/v2\/posts"}],"about":[{"href":"https:\/\/www.uzpriroda.com\/index.php?rest_route=\/wp\/v2\/types\/post"}],"author":[{"embeddable":true,"href":"https:\/\/www.uzpriroda.com\/index.php?rest_route=\/wp\/v2\/users\/4"}],"replies":[{"embeddable":true,"href":"https:\/\/www.uzpriroda.com\/index.php?rest_route=%2Fwp%2Fv2%2Fcomments&post=612"}],"version-history":[{"count":0,"href":"https:\/\/www.uzpriroda.com\/index.php?rest_route=\/wp\/v2\/posts\/612\/revisions"}],"wp:attachment":[{"href":"https:\/\/www.uzpriroda.com\/index.php?rest_route=%2Fwp%2Fv2%2Fmedia&parent=612"}],"wp:term":[{"taxonomy":"category","embeddable":true,"href":"https:\/\/www.uzpriroda.com\/index.php?rest_route=%2Fwp%2Fv2%2Fcategories&post=612"},{"taxonomy":"post_tag","embeddable":true,"href":"https:\/\/www.uzpriroda.com\/index.php?rest_route=%2Fwp%2Fv2%2Ftags&post=612"}],"curies":[{"name":"wp","href":"https:\/\/api.w.org\/{rel}","templated":true}]}}