{"id":900,"date":"2014-08-08T14:16:23","date_gmt":"2014-08-08T12:16:23","guid":{"rendered":"http:\/\/www.uzpriroda.com\/?p=900"},"modified":"2014-08-14T02:08:37","modified_gmt":"2014-08-14T00:08:37","slug":"potpisan-memorandum-o-saradnji-sa-mz-iz-vlasenice","status":"publish","type":"post","link":"https:\/\/www.uzpriroda.com\/?p=900","title":{"rendered":"Potpisan Memorandum o saradnji sa MZ iz Vlasenice"},"content":{"rendered":"<p style=\"text-align: justify;\">U okviru projekta \u201eMre\u017ea za aktivne zajednice\u201c, koji na podru\u010dju op\u0161tine Vlasenica sprovodi U\u017d \u201ePriroda\u201c Bratunac, 07. avgusta 2014. godine, u Skup\u0161tinskoj sali Op\u0161tine Vlasenica, odr\u017ean je sastanak sa predstavnicima mjesnih zajednica iz op\u0161tine Vlasenica, koji su potpisali Memorandum o saradnji. Odabrane MZ: MZ \u0160adi\u0107i, MZ Simi\u0107i, MZ Cikote, MZ Centar Vlasenica i MZ Mi\u0161ari \u0107e u\u010destvovati na pet edukacija koje imaju za cilj unapre\u0111enje rada savjeta mjesnih zajednica.<\/p>\n<p style=\"text-align: center;\"><a class=\"shutter-set\" href=\"http:\/\/www.uzpriroda.com\/wp-content\/uploads\/2014\/08\/DSCN1866.jpg\"><img loading=\"lazy\" decoding=\"async\" class=\"aligncenter  wp-image-899\" alt=\"DSCN1866\" src=\"http:\/\/www.uzpriroda.com\/wp-content\/uploads\/2014\/08\/DSCN1866.jpg\" width=\"640\" height=\"480\" srcset=\"https:\/\/www.uzpriroda.com\/wp-content\/uploads\/2014\/08\/DSCN1866.jpg 1024w, https:\/\/www.uzpriroda.com\/wp-content\/uploads\/2014\/08\/DSCN1866-300x225.jpg 300w\" sizes=\"auto, (max-width: 640px) 100vw, 640px\" \/><\/a><\/p>\n<p style=\"text-align: center;\"><a class=\"shutter-set\" href=\"http:\/\/www.uzpriroda.com\/wp-content\/uploads\/2014\/08\/DSCN1864.jpg\"><img loading=\"lazy\" decoding=\"async\" class=\"aligncenter  wp-image-898\" alt=\"DSCN1864\" src=\"http:\/\/www.uzpriroda.com\/wp-content\/uploads\/2014\/08\/DSCN1864.jpg\" width=\"640\" height=\"480\" srcset=\"https:\/\/www.uzpriroda.com\/wp-content\/uploads\/2014\/08\/DSCN1864.jpg 1024w, https:\/\/www.uzpriroda.com\/wp-content\/uploads\/2014\/08\/DSCN1864-300x225.jpg 300w\" sizes=\"auto, (max-width: 640px) 100vw, 640px\" \/><\/a><\/p>\n<p style=\"text-align: justify;\">\n","protected":false},"excerpt":{"rendered":"<p>U okviru projekta \u201eMre\u017ea za aktivne zajednice\u201c, koji na podru\u010dju op\u0161tine Vlasenica sprovodi U\u017d \u201ePriroda\u201c Bratunac, 07. avgusta 2014. godine, u Skup\u0161tinskoj sali Op\u0161tine Vlasenica, odr\u017ean je sastanak sa predstavnicima mjesnih zajednica iz op\u0161tine Vlasenica, koji su potpisali Memorandum o saradnji. Odabrane MZ: MZ \u0160adi\u0107i, MZ Simi\u0107i, MZ Cikote, MZ Centar Vlasenica i MZ Mi\u0161ari [&hellip;]<\/p>\n","protected":false},"author":4,"featured_media":0,"comment_status":"closed","ping_status":"closed","sticky":false,"template":"","format":"standard","meta":{"ngg_post_thumbnail":0,"footnotes":""},"categories":[1],"tags":[],"class_list":["post-900","post","type-post","status-publish","format-standard","hentry","category-nekategorisano"],"_links":{"self":[{"href":"https:\/\/www.uzpriroda.com\/index.php?rest_route=\/wp\/v2\/posts\/900","targetHints":{"allow":["GET"]}}],"collection":[{"href":"https:\/\/www.uzpriroda.com\/index.php?rest_route=\/wp\/v2\/posts"}],"about":[{"href":"https:\/\/www.uzpriroda.com\/index.php?rest_route=\/wp\/v2\/types\/post"}],"author":[{"embeddable":true,"href":"https:\/\/www.uzpriroda.com\/index.php?rest_route=\/wp\/v2\/users\/4"}],"replies":[{"embeddable":true,"href":"https:\/\/www.uzpriroda.com\/index.php?rest_route=%2Fwp%2Fv2%2Fcomments&post=900"}],"version-history":[{"count":0,"href":"https:\/\/www.uzpriroda.com\/index.php?rest_route=\/wp\/v2\/posts\/900\/revisions"}],"wp:attachment":[{"href":"https:\/\/www.uzpriroda.com\/index.php?rest_route=%2Fwp%2Fv2%2Fmedia&parent=900"}],"wp:term":[{"taxonomy":"category","embeddable":true,"href":"https:\/\/www.uzpriroda.com\/index.php?rest_route=%2Fwp%2Fv2%2Fcategories&post=900"},{"taxonomy":"post_tag","embeddable":true,"href":"https:\/\/www.uzpriroda.com\/index.php?rest_route=%2Fwp%2Fv2%2Ftags&post=900"}],"curies":[{"name":"wp","href":"https:\/\/api.w.org\/{rel}","templated":true}]}}